{"id":598,"date":"2015-11-25T02:28:04","date_gmt":"2015-11-25T01:28:04","guid":{"rendered":"http:\/\/www.pacienti.cz\/?p=598"},"modified":"2015-11-25T02:36:17","modified_gmt":"2015-11-25T01:36:17","slug":"598","status":"publish","type":"post","link":"https:\/\/www.pacienti.cz\/?p=598","title":{"rendered":"V\u00fdzva: \u201eZjednejte n\u00e1pravu ve v\u011bci dostupnosti l\u00e9ka\u0159sk\u00e9 pohotovostn\u00ed slu\u017eby\u201c"},"content":{"rendered":"<h2><span style=\"color: #ff0000;\"><strong>V\u00fdzva Svazu pacient\u016f \u010cR<\/strong><\/span><\/h2>\n<h2><span style=\"color: #ff0000;\"><strong>pro vl\u00e1dn\u00ed koalici \u010cSSD, ANO a KDU-\u010cSL:\u00a0 <\/strong><\/span><\/h2>\n<p><strong>\u00a0<\/strong><\/p>\n<h2><span style=\"color: #0000ff;\"><strong>\u201eZjednejte n\u00e1pravu ve v\u011bci dostupnosti l\u00e9ka\u0159sk\u00e9 pohotovostn\u00ed slu\u017eby\u201c<\/strong><\/span><\/h2>\n<p>&nbsp;<\/p>\n<p>V\u00a0posledn\u00edch dnech sly\u0161\u00edme v rozhlase, vid\u00edme v televizi, a \u010dteme v tisku a v internetov\u00fdch medi\u00edch, \u017ee jsou probl\u00e9my s poskytov\u00e1n\u00edm pohotovostn\u00ed l\u00e9ka\u0159sk\u00e9 p\u00e9\u010de.<\/p>\n<p><a href=\"https:\/\/www.pacienti.cz\/wp-content\/uploads\/2015\/11\/males-251403__180.jpg\"><img loading=\"lazy\" decoding=\"async\" class=\"alignnone size-medium wp-image-548\" src=\"https:\/\/www.pacienti.cz\/wp-content\/uploads\/2015\/11\/males-251403__180-300x169.jpg\" alt=\"males-251403__180\" width=\"300\" height=\"169\" srcset=\"https:\/\/www.pacienti.cz\/wp-content\/uploads\/2015\/11\/males-251403__180-300x169.jpg 300w, https:\/\/www.pacienti.cz\/wp-content\/uploads\/2015\/11\/males-251403__180.jpg 320w\" sizes=\"(max-width: 300px) 100vw, 300px\" \/><\/a><\/p>\n<p>Tyto \u0161patn\u00e9 zpr\u00e1vy se stup\u0148uj\u00ed, a proto se jm\u00e9nem pacient\u016f mus\u00edme ozvat, dnes u\u017e nejsou probl\u00e9my jen v mal\u00fdch obc\u00edch, ale ji\u017e i v m\u011bstech a za\u010d\u00ednaj\u00ed selh\u00e1vat i velk\u00e9 a dokonce i st\u00e1tn\u00ed nemocnice jako m\u00edsta posledn\u00ed z\u00e1chrany. Jako jedin\u00e1 jistota dostupn\u00e9 prvn\u00ed pomoci zb\u00fdv\u00e1 rychl\u00e1 z\u00e1chrann\u00e1 slu\u017eba a ta celkem pr\u00e1vem poukazuje na to, \u017ee k \u0159e\u0161en\u00ed m\u00e9n\u011b kritick\u00fdch p\u0159\u00edpad\u016f nen\u00ed ur\u010dena.<\/p>\n<p>&nbsp;<\/p>\n<p>Pot\u00ed\u017ee se st\u00e1le zv\u011bt\u0161uj\u00ed, proto\u017ee n\u00e1vrhy Svazu pacient\u016f \u010cR na \u0159e\u0161en\u00ed pohotovostn\u00ed l\u00e9ka\u0159sk\u00e9 p\u00e9\u010de pod\u00e1van\u00e9 opakovan\u011b b\u011bhem posledn\u00edch dvaceti let byly ignorov\u00e1ny i p\u0159esto, \u017ee bylo po\u017eadov\u00e1no jen to, co ob\u010dan\u016fm garantuje \u00dastava \u010cR, a n\u00e1vrhy obsahovaly i \u0159e\u0161en\u00ed respektuj\u00edc\u00ed z\u00e1jmy a mo\u017enosti v\u0161ech akt\u00e9r\u016f, kter\u00fdch se probl\u00e9m dot\u00fdk\u00e1.<\/p>\n<p>&nbsp;<\/p>\n<p>Jako podraz na ob\u010dany vymyslely p\u0159ede\u0161l\u00e9 vl\u00e1dy Topol\u00e1nka a Ne\u010dase poplatky ve zdravotnictv\u00ed a zejm\u00e9na pak na pohotovostech, aby odradily ob\u010dany od\u00a0chozen\u00ed na pohotovost. Kdy\u017e ti chud\u0161\u00ed p\u0159estali chodit, tak dnes sly\u0161\u00edme od z\u00e1stupc\u016f nemocnic, pacienti nechod\u00ed, tak pro\u010d by m\u011bly nemocnice dr\u017eet pohotovostn\u00ed slu\u017eby?!<\/p>\n<p>&nbsp;<\/p>\n<p>Vyz\u00fdv\u00e1me proto vl\u00e1dn\u00ed koalici \u010cSSD, ANO a KDU-\u010cSL aby bez odkladu jednala a pov\u011b\u0159ila ministerstvo zdravotnictv\u00ed, aby podalo pot\u0159ebn\u00fd n\u00e1vrh novely z\u00e1kona o zdravotn\u00edch slu\u017eb\u00e1ch. Jeho v\u011bcn\u00fd z\u00e1m\u011br mus\u00ed vych\u00e1zet z toho, co garantuje \u00dastava \u010cR:<\/p>\n<ol>\n<li style=\"text-align: left;\"><b><strong><u>Zru\u0161en\u00ed poplatku za pou\u017eit\u00ed l\u00e9ka\u0159sk\u00e9 pohotovostn\u00ed slu\u017eby.\u00a0<\/u><\/strong>\u00a0<\/b><\/li>\n<\/ol>\n<p style=\"text-align: justify; padding-left: 60px;\">Tento poplatek nep\u0159\u00edpustn\u011b reguluje p\u0159\u00edstup ke zdravotn\u00ed p\u00e9\u010di garantovan\u00e9 \u00fastavou tak, \u017ee vytv\u00e1\u0159\u00ed p\u0159ek\u00e1\u017eku pro soci\u00e1ln\u011b slab\u0161\u00ed pacienty, a jen pro n\u011b. T\u00edm doch\u00e1z\u00ed k diskriminaci \u010d\u00e1sti populace a tak\u00e9 k poru\u0161en\u00ed \u010dl\u00e1nku 31 LZPS, sou\u010d\u00e1sti \u00dastavy \u010cR, kter\u00fd stanov\u00ed, \u017ee garantovan\u00e1 zdravotn\u00ed p\u00e9\u010de se hrad\u00ed cestou ve\u0159ejn\u00e9ho poji\u0161t\u011bn\u00ed, \u010dili solid\u00e1rn\u011b. Odrazov\u00e1n\u00ed od pou\u017eit\u00ed pohotovosti je tak\u00e9 v rozporu se zdravotnickou osv\u011btou, podle kter\u00e9 se pacient nem\u00e1 v\u00e1hat poradit s l\u00e9ka\u0159em v p\u0159\u00edpad\u011b jak\u00e9koliv pochybnosti. N\u011bkdy je pacient hlavn\u011b v depresi a potom m\u016f\u017ee sta\u010dit i dobr\u00e9 slovo jako \u00fa\u010dinn\u00e9 o\u0161et\u0159en\u00ed.<\/p>\n<p style=\"text-align: justify; padding-left: 30px;\"><strong><u>2. \u00da\u010dast na pohotovostn\u00edch slu\u017eb\u00e1ch mus\u00ed b\u00fdt jednou z podm\u00ednek ve smlouv\u011b ambulantn\u00edch l\u00e9ka\u0159\u016f s poji\u0161\u0165ovnou<\/u><\/strong><u>. <\/u><\/p>\n<p style=\"text-align: justify; padding-left: 60px;\">V\u00fdjimky se mohou vztahovat ke zdravotn\u00edmu stavu l\u00e9ka\u0159e a podobn\u011b. Obdobn\u011b je to v\u00a0N\u011bmecku a jinde v\u00a0demokratick\u00e9 Evrop\u011b.<\/p>\n<p style=\"text-align: justify; padding-left: 30px;\"><strong>3. <u>Pohotovostn\u00ed slu\u017eby mus\u00ed b\u00fdt hodnoceny jako \u0159\u00e1dn\u00e9 ordinov\u00e1n\u00ed s\u00a0p\u0159\u00edslu\u0161n\u00fdmi p\u0159\u00edplatky.\u00a0<\/u><\/strong><\/p>\n<p style=\"padding-left: 60px;\">Pohotovostn\u00ed slu\u017eby mus\u00ed b\u00fdt sou\u010d\u00e1st\u00ed \u0159\u00e1dn\u00e9ho ordina\u010dn\u00edho programu stanoven\u00e9ho v\u017edy na del\u0161\u00ed dobu dop\u0159edu. Mus\u00ed b\u00fdt \u0159e\u0161eny tak, \u017ee budou m\u00edsto norm\u00e1ln\u00edho ordinov\u00e1n\u00ed, nikoliv nav\u00edc.<\/p>\n<div style=\"padding-left: 30px;\"><strong><u>4. S\u00ed\u0165 ordinac\u00ed pohotovostn\u00ed slu\u017eby mus\u00ed b\u00fdt dostate\u010dn\u011b hust\u00e1.<\/u><\/strong><\/div>\n<p style=\"padding-left: 60px;\">Jej\u00ed \u0159e\u0161en\u00ed a zaji\u0161t\u011bn\u00ed je \u00fakolem pro kraje ve spolupr\u00e1ci s obcemi. Smluvn\u011b podchycenou oporou t\u00e9to s\u00edt\u011b mus\u00ed b\u00fdt men\u0161\u00ed a mal\u00e9 nemocnice, je to v\u00fdznamn\u00fd d\u016fvod, aby byly zachov\u00e1ny. O\u0161et\u0159en\u00ed mus\u00ed b\u00fdt dostupn\u00e9 dopravn\u011b a v ka\u017edou hodinu ka\u017ed\u00fd den.<\/p>\n<p style=\"text-align: left; padding-left: 30px;\"><strong><u>5. Obdobn\u011b je t\u0159eba \u0159e\u0161it pohotovosti ve stomatologii a d\u011btskou pohotovost.<\/u><\/strong><\/p>\n<p style=\"text-align: left; padding-left: 60px;\">Nedostatek l\u00e9ka\u0159\u016f ochotn\u00fdch uzav\u0159\u00edt v\u00fd\u0161e zm\u00edn\u011bn\u00e9 smlouvy a sester mus\u00ed b\u00fdt \u0159e\u0161en zvy\u0161ov\u00e1n\u00edm ceny jejich pr\u00e1ce v r\u00e1mci v\u0161eobecn\u00e9ho zvy\u0161ov\u00e1n\u00ed ceny pr\u00e1ce v \u010cR. To je ale ji\u017e dal\u0161\u00ed \u00fakol pro vl\u00e1du a parlament.<\/p>\n<p style=\"text-align: left; padding-left: 60px;\">.<\/p>\n<p style=\"text-align: left;\">Praha 24.11.2015<\/p>\n<p><strong>Gr\u00e9mium Svazu pacient\u016f \u010cR<\/strong><\/p>\n<p><strong>\u00a0<\/strong><\/p>\n","protected":false},"excerpt":{"rendered":"<p>V\u00fdzva Svazu pacient\u016f \u010cR pro vl\u00e1dn\u00ed koalici \u010cSSD, ANO a KDU-\u010cSL:\u00a0 \u00a0 \u201eZjednejte n\u00e1pravu ve v\u011bci dostupnosti l\u00e9ka\u0159sk\u00e9 pohotovostn\u00ed slu\u017eby\u201c &nbsp; V\u00a0posledn\u00edch dnech sly\u0161\u00edme v rozhlase, vid\u00edme v televizi, a \u010dteme v tisku a v internetov\u00fdch medi\u00edch, \u017ee jsou probl\u00e9my s poskytov\u00e1n\u00edm pohotovostn\u00ed l\u00e9ka\u0159sk\u00e9 p\u00e9\u010de. Tyto \u0161patn\u00e9 zpr\u00e1vy se stup\u0148uj\u00ed, a proto se jm\u00e9nem pacient\u016f [&hellip;]<\/p>\n","protected":false},"author":1,"featured_media":319,"comment_status":"closed","ping_status":"open","sticky":false,"template":"","format":"standard","meta":{"footnotes":""},"categories":[14],"tags":[],"_links":{"self":[{"href":"https:\/\/www.pacienti.cz\/index.php?rest_route=\/wp\/v2\/posts\/598"}],"collection":[{"href":"https:\/\/www.pacienti.cz\/index.php?rest_route=\/wp\/v2\/posts"}],"about":[{"href":"https:\/\/www.pacienti.cz\/index.php?rest_route=\/wp\/v2\/types\/post"}],"author":[{"embeddable":true,"href":"https:\/\/www.pacienti.cz\/index.php?rest_route=\/wp\/v2\/users\/1"}],"replies":[{"embeddable":true,"href":"https:\/\/www.pacienti.cz\/index.php?rest_route=%2Fwp%2Fv2%2Fcomments&post=598"}],"version-history":[{"count":10,"href":"https:\/\/www.pacienti.cz\/index.php?rest_route=\/wp\/v2\/posts\/598\/revisions"}],"predecessor-version":[{"id":608,"href":"https:\/\/www.pacienti.cz\/index.php?rest_route=\/wp\/v2\/posts\/598\/revisions\/608"}],"wp:featuredmedia":[{"embeddable":true,"href":"https:\/\/www.pacienti.cz\/index.php?rest_route=\/wp\/v2\/media\/319"}],"wp:attachment":[{"href":"https:\/\/www.pacienti.cz\/index.php?rest_route=%2Fwp%2Fv2%2Fmedia&parent=598"}],"wp:term":[{"taxonomy":"category","embeddable":true,"href":"https:\/\/www.pacienti.cz\/index.php?rest_route=%2Fwp%2Fv2%2Fcategories&post=598"},{"taxonomy":"post_tag","embeddable":true,"href":"https:\/\/www.pacienti.cz\/index.php?rest_route=%2Fwp%2Fv2%2Ftags&post=598"}],"curies":[{"name":"wp","href":"https:\/\/api.w.org\/{rel}","templated":true}]}}