{"id":743,"date":"2024-07-22T16:00:03","date_gmt":"2024-07-22T14:00:03","guid":{"rendered":"http:\/\/www.pacienti.cz\/?p=743"},"modified":"2024-10-14T12:59:00","modified_gmt":"2024-10-14T10:59:00","slug":"aktuality","status":"publish","type":"post","link":"https:\/\/www.pacienti.cz\/?p=743","title":{"rendered":"A K T U A L I T Y  .  .  ."},"content":{"rendered":"<hr \/>\n<div class=\"menu-item menu-item-type-custom menu-item-object-custom menu-item-405\">\n<p><a href=\"https:\/\/www.pacienti.cz\/wp-content\/uploads\/2016\/01\/news-507774__180.png\" rel=\"attachment wp-att-738\"><img loading=\"lazy\" decoding=\"async\" class=\"wp-image-738 size-thumbnail alignright\" src=\"https:\/\/www.pacienti.cz\/wp-content\/uploads\/2016\/01\/news-507774__180-150x150.png\" alt=\"news-507774__180\" width=\"150\" height=\"150\" srcset=\"https:\/\/www.pacienti.cz\/wp-content\/uploads\/2016\/01\/news-507774__180-150x150.png 150w, https:\/\/www.pacienti.cz\/wp-content\/uploads\/2016\/01\/news-507774__180-144x144.png 144w, https:\/\/www.pacienti.cz\/wp-content\/uploads\/2016\/01\/news-507774__180.png 180w\" sizes=\"(max-width: 150px) 100vw, 150px\" \/><\/a><\/p>\n<h1><strong>Aktuality +<\/strong><\/h1>\n<p><strong>\u00a0<\/strong><\/p>\n<p><strong>\u00a0<\/strong><\/p>\n<p>&nbsp;<\/p>\n<p>&nbsp;<\/p>\n<ul>\n<li>\n<h4>13.10.2024 &#8211;<\/h4>\n<h4 class=\"m-0 font-bold text-3xl sm:text-4xl leading-10 sm:leading-[48px] \"><strong><span style=\"color: #0000ff;\"><a style=\"color: #0000ff;\" href=\"https:\/\/www.denik.cz\/jiny-pohled\/zdravotnictvi-pro-21-stoleti-podle-sefa-vzp-zdenka-kabatka.html#utm_content=freshnews&amp;utm_term=zdravotnictvi&amp;utm_medium=hint&amp;utm_source=search.seznam.cz\">Zdravotnictv\u00ed pro 21. stolet\u00ed podle \u0161\u00e9fa VZP<\/a><\/span><\/strong><\/h4>\n<h4>20.1.2024 &#8211;\u00a0<strong><span style=\"color: #ff0000;\"><a style=\"color: #ff0000;\" href=\"https:\/\/www.echo24.cz\/a\/HPqSa\/zpravy-domov-aplikace-edoklady-ma-po-spusteni-probelmy-s-prihlasenim#\/a9587304a2fcdd520257ee80ee5bc9fd\">N\u00e1por z\u00e1jemc\u016f \u201eshodil\u201c aplikaci eDoklady<\/a><\/span><\/strong><\/h4>\n<\/li>\n<li>\n<h4>1.1.2024 &#8211; <a href=\"https:\/\/www.autojournal.cz\/nova-pravidla-registrace-a-evidence-vozidel\/\"><strong>Nova pravidla registrace a evidence vozidel<\/strong><\/a><\/h4>\n<\/li>\n<\/ul>\n<p>&nbsp;<\/p>\n<hr \/>\n<ul>\n<li>\n<h3>15.11.2023 &#8211;<\/h3>\n<h3><strong><span style=\"color: #0000ff;\"><a style=\"color: #0000ff;\" href=\"https:\/\/www.mzcr.cz\/zdravi-pro-vsechny-v-21-stoleti\/\">Zdrav\u00ed pro v\u0161echny v\u00a021. stolet\u00ed<\/a><\/span><\/strong><\/h3>\n<\/li>\n<\/ul>\n<\/div>\n<ul>\n<li>\n<h3><span style=\"font-size: 20px;\">21.4.2023 &#8211; <\/span><strong><span style=\"color: #ff0000;\"><a style=\"color: #ff0000;\" href=\"https:\/\/www.youtube.com\/watch?v=7KZyt7qOrlo\">Zni\u010dili na\u0161i reformu p\u00e9\u010de o du\u0161evn\u00ed zdrav\u00ed. Proto\u017ee Babi\u0161<\/a><\/span><\/strong><\/h3>\n<\/li>\n<li>\n<h3>22.3.2023 &#8211; <span style=\"color: #3366ff;\"><strong><a style=\"color: #3366ff;\" href=\"https:\/\/aktualitycz.cz\/4-tipy-jak-oslavit-vyroci\/\"><span style=\"font-size: 24px;\">4 tipy, jak oslavit v\u00fdro\u010d\u00ed<\/span><\/a><\/strong><\/span><\/h3>\n<\/li>\n<\/ul>\n<p>&nbsp;<\/p>\n<hr \/>\n<ul>\n<li>3.12.2022 &#8211; <strong><span style=\"color: #ff0000;\"><a style=\"color: #ff0000;\" href=\"https:\/\/youtu.be\/hqJSGcTkFkI\">Le\u010den\u00ed zan\u011bt\u016f a tinnitu<\/a><\/span><\/strong><\/li>\n<li>18.5.2022 &#8211; <strong><a href=\"https:\/\/tn.nova.cz\/zpravodajstvi\/clanek\/417734-nemuzete-sehnat-zubare-velky-prehled-kde-jeste-nabiraji-pacienty\"><span style=\"font-size: 24px;\">Nem\u016f\u017eete sehnat zuba\u0159e?<\/span><\/a><\/strong><\/li>\n<li>25.2.2022 &#8211; <strong>Kv\u016fli bezd\u016fvodn\u00e9mu vojensk\u00e9mu napadeni Ukrajiny ruskym teroristou PUTINEM, vyjad\u0159ujeme podporu ob\u010dan\u016fm Ukrajiny!<\/strong><\/li>\n<li><span style=\"color: #ff0000;\"><strong>Sou\u010dasn\u011b oznamujeme ukon\u010den\u00ed poskytov\u00e1n\u00ed jak\u00e9koliv pomoci nebo zdravotn\u011b &#8211; soci\u00e1ln\u011b &#8211; pr\u00e1vn\u00edch rad nebo advok\u00e1tn\u00ed pomoci rusk\u00fdm ob\u010dan\u016fm pob\u00fdvaj\u00edc\u00edm v \u010cesk\u00e9 republice!<\/strong><\/span><\/li>\n<\/ul>\n<p>&nbsp;<\/p>\n<hr \/>\n<ul>\n<li>\n<h3>25.1.2022 &#8211;<a href=\"https:\/\/www.zdravezpravy.cz\/2022\/01\/01\/rok-2022-prinasi-zmeny-v-mnoha-socialnich-davkach\/\"><strong><span style=\"color: #0000ff;\">Rok 2022 p\u0159in\u00e1\u0161\u00ed zm\u011bny v mnoha soci\u00e1ln\u00edch d\u00e1vk\u00e1ch<\/span><\/strong><\/a><\/h3>\n<\/li>\n<li>\n<h3>21.11.2021 &#8211;<span style=\"color: #ff0000;\"><a style=\"color: #ff0000;\" href=\"https:\/\/www.seznamzpravy.cz\/clanek\/laserova-metoda-pomohla-stovkam-lidi-s-tezkym-covidem-urady-ji-odmitaji-uznat-180821#dop_ab_variant=0&amp;dop_source_zone_name=zpravy.sznhp.box&amp;dop_req_id=1OrlsOLbUqx-202111211420&amp;dop_id=180821&amp;source=hp&amp;seq_no=2&amp;utm_campaign=&amp;utm_medium=z-boxiku&amp;utm_source=www.seznam.cz\"><strong>Laserov\u00e1 metoda pomohla stovk\u00e1m lid\u00ed s\u00a0t\u011b\u017ek\u00fdm covidem. \u00da\u0159ady ji odm\u00edtaj\u00ed uznat<\/strong><\/a><\/span><\/h3>\n<\/li>\n<li>\n<h3>15.10.2021 &#8211;<a href=\"https:\/\/ct24.ceskatelevize.cz\/domaci\/3386196-zive-brifink-ministra-zdravotnictvi-vojtecha-k-aktualni-epidemicke-situaci\"><span style=\"color: #000080;\"><strong>Od listopadu by se m\u011bla zkr\u00e1tit doba platnosti test\u016f na covid, od prosince by se mohly p\u0159estat propl\u00e1cet<\/strong><\/span><\/a><\/h3>\n<\/li>\n<li>\n<h3>10.10.2021 &#8211;<\/h3>\n<h3 id=\"article-news-full-8600263\" class=\"mt--0\"><strong><span style=\"color: #ff0000;\"><a style=\"color: #ff0000;\" href=\"https:\/\/www.irozhlas.cz\/zpravy-domov\/andrej-babis-ministr-zdravotnictvi-vlastimil-valek_2110181525_svi\">Babi\u0161 chce, aby V\u00e1lek nastoupil na post ministra zdravotnictv\u00ed je\u0161t\u011b za sou\u010dasn\u00e9 vl\u00e1dy od 1. listopadu<\/a><\/span><\/strong><\/h3>\n<\/li>\n<li>\n<h3>3.3.2021 &#8211;<span style=\"color: #0000ff;\"><a style=\"color: #0000ff;\" href=\"https:\/\/www.novinky.cz\/domaci\/clanek\/urednici-povolili-distribuci-ivermektinu-40352878\"><strong>Ivermektin dostal od \u00fa\u0159edn\u00edk\u016f zelenou<\/strong><\/a><\/span>25.2.2021 &#8211;<strong><span style=\"color: #ff0000;\"><a style=\"color: #ff0000;\" href=\"https:\/\/www.novinky.cz\/zahranicni\/evropa\/clanek\/krivky-nakazenych-v-evrope-zacinaji-stoupat-zavira-se-i-finsko-40352159#seq_no=4&amp;dop_ab_variant=0&amp;dop_source_zone_name=novinky.web.nexttoart&amp;dop_req_id=5QoCP4zVVRr-202102251331&amp;source=article-detail\">K\u0159ivky naka\u017een\u00fdch v\u00a0Evrop\u011b za\u010d\u00ednaj\u00ed stoupat, zav\u00edr\u00e1 se i\u00a0Finsko<\/a><\/span><\/strong><\/h3>\n<\/li>\n<li>\n<h3>16.2.2021- <a href=\"https:\/\/www.idnes.cz\/karlovy-vary\/zpravy\/covid-koronavirus-nemocnice-cheb-zdravotnictvi-muz-ve-vaznem-stavu.A210210_160312_vary-zpravy_ba?zdroj=vybava_recombee\"><strong><span style=\"color: #333399;\">Nemocnice mlad\u00e9ho mu\u017ee poslala dom\u016f, o dva dny pozd\u011bji skon\u010dil na kysl\u00edku<\/span><\/strong><\/a><\/h3>\n<\/li>\n<li>\n<h3>6.2.2021 &#8211;<\/h3>\n<h3><strong><a href=\"https:\/\/pelipecky.cz\/ceska-republika-cestovatelsky-semafor\/pravidla-vstupu-a-navratu-do-cr_5-2-2021_cz-scaled-1\/\"><span style=\"color: #0000ff;\">Pravidla vstupu a navratu do CR_5.2.2021<\/span><\/a><\/strong><\/h3>\n<\/li>\n<li>\n<h3>4.1.2021 &#8211;<\/h3>\n<h3><a href=\"https:\/\/www.ozdravotnictvi.cz\/zpravodajstvi\/od-ledna-se-zmeni-nektere-preventivni-prohlidky-u-lekaru\/\" rel=\"bookmark\"><strong><span style=\"color: #800080;\">Od ledna se zm\u011bn\u00ed n\u011bkter\u00e9 preventivn\u00ed prohl\u00eddky u l\u00e9ka\u0159\u016f<\/span><\/strong><\/a><\/h3>\n<\/li>\n<\/ul>\n<h3><\/h3>\n<hr \/>\n<ul>\n<li style=\"list-style-type: none;\">\n<ul>\n<li>\n<h5>7.6.2020 &#8211;<\/h5>\n<h5 class=\"article-title\"><span style=\"color: #0000ff;\"><a style=\"color: #0000ff;\" href=\"https:\/\/www.denik.cz\/veda-a-technika\/levny-kortikoid-covid-umrti-vedci-20200616.html?utm_source=traqli&amp;utm_medium=email&amp;utm_content=-veda-a-technika-fotbal-fotbal-prvni-liga-tenis-fotbal-zajimavosti-evropska-unie-komentare-kultura-zdravi-cestovani&amp;utm_campaign=newsletter&amp;tqid=lKe1fXokXkABm4OYLdTswQnNqhRpM_vuu6qFy_KJ\">Dal\u0161\u00ed pr\u016flom. Levn\u00fd kortikoid sni\u017euje riziko \u00famrt\u00ed na covid, zjistili v\u011bdci<\/a><\/span><\/h5>\n<\/li>\n<li>\n<h5>26.2.2020 &#8211; <span style=\"color: #ff0000;\"><a style=\"color: #ff0000;\" href=\"https:\/\/www.extra.cz\/vsechno-co-chcete-vedet-o-zabijackem-viru-ktereho-se-boji-cely-svet\">Varov\u00e1n\u00ed p\u0159ed Coronavirem z \u010c\u00edny!<\/a><\/span><\/h5>\n<\/li>\n<li>\n<h5>13.1.2020 &#8211;<\/h5>\n<h5><span style=\"color: #0000ff;\"><a style=\"color: #0000ff;\" href=\"https:\/\/www.nasezdravotnictvi.cz\/aktualita\/normalni-teplota-37-c-zapomente-to-uz-neplati-nase-tela-chladnou\">Norm\u00e1ln\u00ed teplota 37 \u00b0C? Zapome\u0148te, to u\u017e neplat\u00ed. Na\u0161e t\u011bla chladnou<\/a><\/span><\/h5>\n<\/li>\n<\/ul>\n<\/li>\n<\/ul>\n<ul>\n<li style=\"list-style-type: none;\">\n<hr \/>\n<ul>\n<li>15.12.2019 &#8211;<br \/>\n<h3><span style=\"color: #ff0000;\"><a style=\"color: #ff0000;\" href=\"https:\/\/www.idnes.cz\/finance\/pojisteni\/vyuzijte-co-za-vas-letos-u-zubare-zaplati-zdravotni-pojistovna.A120109_110052_poj_sov\">Netra\u0165te u zuba\u0159e. Pohl\u00eddejte si, co za v\u00e1s plat\u00ed zdravotn\u00ed poji\u0161\u0165ovna<\/a><\/span><\/h3>\n<\/li>\n<\/ul>\n<ul>\n<li>9.12.2019 &#8211;<br \/>\n<h3 class=\"article-title\"><span style=\"color: #ff0000;\"><a style=\"color: #ff0000;\" href=\"https:\/\/www.denik.cz\/zdravi\/nemocnice-lekari-ministr-vojtech-20191208.html?utm_source=traqli&amp;utm_medium=email&amp;utm_content=-veda-a-technika-fotbal-fotbal-prvni-liga-tenis-fotbal-zajimavosti-evropska-unie-komentare-kultura-zdravi-cestovani&amp;utm_campaign=newsletter&amp;tqid=1PO8b2Y0Hk4ByLx939WOlUlbYuyZE42YVUNLLpco\">Desetina nemocnic m\u00e1 probl\u00e9m:\u00a0 nemohou br\u00e1t mlad\u00e9 l\u00e9ka\u0159e<\/a><\/span><span id=\"copylink\"><\/span><\/h3>\n<\/li>\n<\/ul>\n<ul>\n<li>19.8.2019 &#8211;<br \/>\n<h3><span style=\"color: #0000ff;\"><a style=\"color: #0000ff;\" href=\"https:\/\/www.lidovky.cz\/domov\/limit-doplatku-na-leky-pro-invalidni-duchodce-klesne-z-peti-tisic-na-500-korun.A190819_142835_ln_domov_ele\">Limit doplatk\u016f na l\u00e9ky pro invalidn\u00ed d\u016fchodce klesne z p\u011bti tis\u00edc na 500 korun<\/a><\/span><\/h3>\n<\/li>\n<li>9.5.2019 &#8211;<br \/>\n<h3><span style=\"color: #ff0000;\"><a style=\"color: #ff0000;\" href=\"https:\/\/www.ozdravotnictvi.cz\/zpravodajstvi\/pojistovny-budou-od-ledna-hradit-cinnost-urgentnich-prijmu\/\" rel=\"bookmark\">Poji\u0161\u0165ovny budou od ledna hradit \u010dinnost urgentn\u00edch p\u0159\u00edjm\u016f<\/a><\/span><\/h3>\n<\/li>\n<li>21.3.2019 &#8211;<br \/>\n<h3><span style=\"color: #0000ff;\"><a style=\"color: #0000ff;\" href=\"https:\/\/zdravi.euro.cz\/ministerstvo-chce-resit-dorucovani-leku-domutreba-handicapovanym\/\">Ministerstvo chce \u0159e\u0161it doru\u010dov\u00e1n\u00ed l\u00e9k\u016f dom\u016f,t\u0159eba handicapovan\u00fdm<\/a><\/span><\/h3>\n<\/li>\n<li>20.3.2019 &#8211;<br \/>\n<h3><span style=\"color: #ff0000;\"><a style=\"color: #ff0000;\" href=\"https:\/\/zdravi.euro.cz\/olomoucti-vedci-vyvinuli-protinadorove-slouceniny-s-tantalem\/\">Olomou\u010dt\u00ed v\u011bdci vyvinuli protin\u00e1dorov\u00e9 slou\u010deniny s tantalem<\/a><\/span><\/h3>\n<\/li>\n<li class=\"menu-item menu-item-type-custom menu-item-object-custom menu-item-405\">18.3.2019 &#8211;<br \/>\n<h3 class=\"article-title\"><a href=\"https:\/\/www.denik.cz\/zdravi\/strazci-soukromi-ceske-nemocnice-neuchrani-data-lidi-20190316.html?utm_source=traqli&amp;utm_medium=email&amp;utm_content=-veda-a-technika-fotbal-fotbal-prvni-liga-tenis-fotbal-zajimavosti-evropska-unie-komentare-kultura-zdravi-cestovani&amp;utm_campaign=newsletter&amp;tqid=06PjNWQ0W0UBJnbqLx.tUxQnbVbuRIPdGDDDFJbM\"><span style=\"color: #0000ff;\"><strong>\u010cesk\u00e9 nemocnice neuchr\u00e1n\u00ed data lid\u00ed. M\u00e1me m\u00edt obavy?<span id=\"copylink\"><\/span><\/strong><\/span><\/a><\/h3>\n<\/li>\n<\/ul>\n<ul>\n<li class=\"menu-item menu-item-type-custom menu-item-object-custom menu-item-405\">26.2.2019 &#8211;<br \/>\n<h3 class=\"entry-title\"><span style=\"color: #ff0000;\"><a style=\"color: #ff0000;\" href=\"https:\/\/www.zdravezpravy.cz\/2019\/02\/25\/praktickemu-lekari-by-nemely-branit-v-peci-o-pacienta-zadna-omezeni\/\"><strong><span style=\"color: #000080;\">Petr \u0160onka:<\/span> Praktick\u00e9mu l\u00e9ka\u0159i by nem\u011blo nic br\u00e1nit v p\u00e9\u010di o pacienta<\/strong><\/a><\/span><\/h3>\n<\/li>\n<\/ul>\n<\/li>\n<\/ul>\n<ul>\n<li style=\"list-style-type: none;\">\n<ul>\n<li class=\"menu-item menu-item-type-custom menu-item-object-custom menu-item-405\">18.2.2019 &#8211;<br \/>\n<h3 class=\"entry-title\"><strong><span style=\"color: #0000ff;\"><a style=\"color: #0000ff;\" href=\"https:\/\/zdravi.euro.cz\/lekarnici-v-lednu-bylo-nedostupnych-15-nenahraditelnych-leku\/\">L\u00e9k\u00e1rn\u00edci: V lednu bylo nedostupn\u00fdch 15 nenahraditeln\u00fdch l\u00e9k\u016f<\/a><\/span><\/strong><\/h3>\n<\/li>\n<\/ul>\n<\/li>\n<\/ul>\n<ul>\n<li style=\"list-style-type: none;\">\n<ul>\n<li class=\"menu-item menu-item-type-custom menu-item-object-custom menu-item-405\">7.2.2019 &#8211;<br \/>\n<h3><span style=\"color: #ff0000;\"><strong><a style=\"color: #ff0000;\" href=\"https:\/\/www.tribune.cz\/clanek\/44326-vseobecnou-fakultni-nemocnici-povede-prof-david-feltl\">V\u0161eobecnou fakultn\u00ed nemocnici povede prof. David Feltl<\/a><\/strong><\/span><\/h3>\n<\/li>\n<\/ul>\n<\/li>\n<\/ul>\n<ul>\n<li style=\"list-style-type: none;\">\n<ul>\n<li class=\"menu-item menu-item-type-custom menu-item-object-custom menu-item-405\">\n<h3>2.2.2019 &#8211;<\/h3>\n<h3 class=\"entry-title\"><a href=\"https:\/\/zdravi.euro.cz\/zamestnanci-dostanou-nahradu-mzdy-i-v-prvnich-dnech-nemoci\/\"><strong><span style=\"color: #0000ff;\">Zam\u011bstnanci dostanou n\u00e1hradu mzdy i v prvn\u00edch dnech nemoci<\/span><\/strong><\/a><\/h3>\n<\/li>\n<\/ul>\n<\/li>\n<\/ul>\n<ul>\n<li style=\"list-style-type: none;\">\n<ul>\n<li class=\"menu-item menu-item-type-custom menu-item-object-custom menu-item-405\">\n<h3>1.2.2019 &#8211;<\/h3>\n<h3 class=\"entry-title\"><a href=\"https:\/\/zdravi.euro.cz\/snemovna-podporila-prvni-etapu-zavadeni-povinnych-e-neschopenek\/\"><strong><span style=\"color: #339966;\">Sn\u011bmovna podpo\u0159ila prvn\u00ed etapu zav\u00e1d\u011bn\u00ed povinn\u00fdch e-neschopenek<\/span><\/strong><\/a><\/h3>\n<\/li>\n<\/ul>\n<\/li>\n<\/ul>\n<ul>\n<li style=\"list-style-type: none;\">\n<ul>\n<li class=\"menu-item menu-item-type-custom menu-item-object-custom menu-item-405\">\n<h3>29.1.2019 &#8211; <span style=\"color: #ff0000;\"><a style=\"color: #ff0000;\" href=\"https:\/\/www.lidovky.cz\/relax\/zdravi\/za-levnejsim-lekem-se-projdete.A190123_102917_ln-zdravi_ape#utm_source=email&amp;utm_medium=text&amp;utm_campaign=lidovky.directmail\"><strong>Za levn\u011bj\u0161\u00edm l\u00e9kem se projdete. Vyplatily by se pevn\u011b stanoven\u00e9 ceny?<\/strong><\/a><\/span><\/h3>\n<\/li>\n<\/ul>\n<\/li>\n<\/ul>\n<ul>\n<li class=\"menu-item menu-item-type-custom menu-item-object-custom menu-item-405\">\n<h3>29.1.2019 &#8211;<\/h3>\n<h3><span style=\"color: #0000ff;\"><a style=\"color: #0000ff;\" href=\"https:\/\/video.aktualne.cz\/dvtv\/novy-lek-na-chripku-staci-jedna-tableta-pacienty-je-dobre-sn\/r~1e57f85e232511e990fd0cc47ab5f122\/?utm_source=centrumHP&amp;utm_medium=dynamicleadbox&amp;utm_content=default&amp;utm_term=position-1&amp;utm_campaign=Aktualne&amp;redirected=1548760875\"><strong>Nov\u00fd l\u00e9k na ch\u0159ipku? Sta\u010d\u00ed jedna tableta, pacienty je dob\u0159e sn\u00e1\u0161en, \u0159\u00edk\u00e1 Havl\u00ed\u010dkov\u00e1<\/strong><\/a><\/span><\/h3>\n<hr \/>\n<\/li>\n<\/ul>\n<ul>\n<li style=\"list-style-type: none;\">\n<ul>\n<li class=\"menu-item menu-item-type-custom menu-item-object-custom menu-item-405\">13.12.2018 &#8211;<br \/>\n<h3><span style=\"color: #ff0000;\"><strong><a style=\"color: #ff0000;\" href=\"http:\/\/www.ordinace.cz\/clanek\/co-se-stane-se-zdravotnickou-dokumentaci\/?utm_source=ordinace&amp;utm_medium=newsletter&amp;utm_campaign=\/\">Co se stane se zdravotnickou dokumentac\u00ed<\/a><\/strong><\/span><\/h3>\n<\/li>\n<\/ul>\n<\/li>\n<\/ul>\n<ul>\n<li style=\"list-style-type: none;\">\n<ul>\n<li class=\"menu-item menu-item-type-custom menu-item-object-custom menu-item-405\">7.12.2018 &#8211;<br \/>\n<h3><strong><span style=\"color: #0000ff;\"><a style=\"color: #0000ff;\" href=\"https:\/\/www.lidovky.cz\/relax\/zdravi\/nevhodne-boty-skodi-diabetikum-pece-o-nohy-se-vyplati.A181128_112037_ln-zdravi_ape#utm_source=email&amp;utm_medium=text&amp;utm_campaign=lidovky.directmail\">Nevhodn\u00e9 boty \u0161kod\u00ed diabetik\u016fm. P\u00e9\u010de o nohy se vyplat\u00ed<\/a><\/span><\/strong><\/h3>\n<\/li>\n<\/ul>\n<\/li>\n<\/ul>\n<ul>\n<li style=\"list-style-type: none;\">\n<ul>\n<li class=\"menu-item menu-item-type-custom menu-item-object-custom menu-item-405\">23.11.2018 &#8211;<br \/>\n<h3><strong><span style=\"color: #ff0000;\"><a style=\"color: #ff0000;\" href=\"https:\/\/www.ozdravotnictvi.cz\/zpravodajstvi\/stat-chysta-povinne-kontroly-zraku-ridicu\/\" rel=\"bookmark\">Birke z \u010cSSD navrhuje povinn\u00e9 kontroly zraku \u0159idi\u010d\u016f<\/a><\/span><\/strong><\/h3>\n<\/li>\n<\/ul>\n<\/li>\n<\/ul>\n<ul>\n<li style=\"list-style-type: none;\">\n<ul>\n<li class=\"menu-item menu-item-type-custom menu-item-object-custom menu-item-405\">21.10.2018 &#8211;<br \/>\n<h3><a href=\"https:\/\/www.pacienti.cz\/?p=1799\"><span id=\"result_box\" class=\"\" lang=\"cs\" style=\"color: #008000;\"><span title=\"Tumour devascularisation as a potential immunotherapeutic strategy \"><strong>Devaskularizace tumoru jako potenci\u00e1ln\u00ed imunoterapeutick\u00e1 strategie <\/strong><\/span><\/span><\/a><\/h3>\n<\/li>\n<\/ul>\n<\/li>\n<\/ul>\n<ul>\n<li style=\"list-style-type: none;\">\n<ul>\n<li class=\"menu-item menu-item-type-custom menu-item-object-custom menu-item-405\">19.10.2018 &#8211;<br \/>\n<h3><strong><a href=\"https:\/\/www.tyden.cz\/rubriky\/domaci\/zdravotnictvi\/lekovy-zaznam-lekari-a-lekarnici-zjisti-co-uzivate_499398.html\"><span class=\"tahoma\">L\u00e9kov\u00fd z\u00e1znam: l\u00e9ka\u0159i a l\u00e9k\u00e1rn\u00edci zjist\u00ed, co u\u017e\u00edv\u00e1te<\/span><\/a><\/strong><\/h3>\n<\/li>\n<\/ul>\n<\/li>\n<\/ul>\n<ul>\n<li style=\"list-style-type: none;\">\n<ul>\n<li class=\"menu-item menu-item-type-custom menu-item-object-custom menu-item-405\">13.10.2018 &#8211;<br \/>\n<h3 class=\"entry-title\"><a href=\"http:\/\/www.zdravotnickydenik.cz\/2018\/10\/prispevek-peci-ve-iv-stupni-se-mozna-zvysi-sest-tisic-diskuzi-i-rust-prispevku-ve-iii-stupni\/\"><span style=\"color: #0000ff;\"><strong>P\u0159\u00edsp\u011bvek na p\u00e9\u010di ve IV. stupni se mo\u017en\u00e1 zv\u00fd\u0161\u00ed o \u0161est tis\u00edc, v diskuzi je i r\u016fst p\u0159\u00edsp\u011bvku ve III. stupni<\/strong><\/span><\/a><\/h3>\n<\/li>\n<\/ul>\n<\/li>\n<\/ul>\n<ul>\n<li style=\"list-style-type: none;\">\n<ul>\n<li class=\"menu-item menu-item-type-custom menu-item-object-custom menu-item-405\">22.8.2018 &#8211;<br \/>\n<h3 class=\"border\"><strong><span style=\"color: #ff0000;\"><a style=\"color: #ff0000;\" href=\"https:\/\/zdravi.euro.cz\/denni-zpravy\/z-domova\/lekarnici-budou-muset-od-unora-2019-overovat-pravost-leku-487289\">L\u00e9k\u00e1rn\u00edci budou muset od \u00fanora 2019 ov\u011b\u0159ovat pravost l\u00e9k\u016f<\/a><\/span><\/strong><\/h3>\n<\/li>\n<\/ul>\n<\/li>\n<\/ul>\n<ul>\n<li style=\"list-style-type: none;\">\n<ul>\n<li class=\"menu-item menu-item-type-custom menu-item-object-custom menu-item-405\">17.8.2018 &#8211;<br \/>\n<h3><span style=\"color: #0000ff;\"><strong><a style=\"color: #0000ff;\" href=\"https:\/\/www.novinky.cz\/domaci\/480833-zdravotnicke-odbory-vyhlasily-kvuli-platum-stavkovou-pohotovost.html#utm_content=freshnews&amp;utm_term=zdravotnick%C3%A9%20odbory&amp;utm_medium=hint&amp;utm_source=search.seznam.cz\">Zdravotnick\u00e9 odbory vyhl\u00e1sily kv\u016fli plat\u016fm st\u00e1vkovou pohotovost<\/a><\/strong><\/span><\/h3>\n<\/li>\n<\/ul>\n<\/li>\n<\/ul>\n<ul>\n<li class=\"menu-item menu-item-type-custom menu-item-object-custom menu-item-405\">\n<h3><strong><span style=\"color: #000080;\"><a style=\"color: #000080;\" href=\"https:\/\/ct24.ceskatelevize.cz\/ekonomika\/2568313-pridejte-deset-procent-vsem-zdravotnicke-odbory-vyhlasily-stavkovou-pohotovost\">P\u0159idejte deset procent v\u0161em.<\/a><\/span><\/strong><\/h3>\n<h3>17.8.2018 &#8211; <strong><a href=\"http:\/\/mzcr.cz\/dokumenty\/stanovisko-ministerstva-zdravotnictvi-k-vyhlaseni-stavkove-pohotovosti-odborovym_15901_1.html\"><span style=\"color: #ff0000;\">Stanovisko Ministerstva zdravotnictv\u00ed k vyhl\u00e1\u0161en\u00ed st\u00e1vkov\u00e9 pohotovosti Odborov\u00fdm svazem zdravotnictv\u00ed<\/span><\/a><\/strong><\/h3>\n<\/li>\n<\/ul>\n<ul>\n<li style=\"list-style-type: none;\">\n<ul>\n<li class=\"menu-item menu-item-type-custom menu-item-object-custom menu-item-405\">13.7.2018 &#8211;<br \/>\n<h3 class=\"negative-font main-title\"><a href=\"https:\/\/styl.denikplus.cz\/krasa\/535-recept-ktery-sice-nevodi-ale-vyborne-zabira-na-akne-a-problematickou-plet.html?utm_source=www.seznam.cz&amp;utm_medium=sekce-z-internetu\"><span style=\"color: #0000ff;\">Recept, kter\u00fd sice nevon\u00ed, ale v\u00fdborn\u011b zab\u00edr\u00e1 na akn\u00e9 a problematickou ple\u0165<\/span><\/a><\/h3>\n<\/li>\n<\/ul>\n<\/li>\n<\/ul>\n<ul>\n<li class=\"menu-item menu-item-type-custom menu-item-object-custom menu-item-405\">\n<h4>27.4.2018 &#8211; <span style=\"color: #ff0000;\"><a style=\"color: #ff0000;\" href=\"https:\/\/www.pirati.cz\/program\/dlouhodoby\/zdravotnictvi\/\">Pir\u00e1tsk\u00e1 strana prosazuje \u0161iroce dostupnou zdravotn\u00ed p\u00e9\u010di<\/a><\/span><\/h4>\n<\/li>\n<\/ul>\n<ul>\n<li style=\"list-style-type: none;\">\n<ul>\n<li class=\"menu-item menu-item-type-custom menu-item-object-custom menu-item-405\">21.2.2018 &#8211;<br \/>\n<h3><span style=\"color: #0000ff;\"><a style=\"color: #0000ff;\" href=\"http:\/\/tn.nova.cz\/clanek\/prvni-tri-dny-nemocenske-opet-placene-navrhuje-to-cssd.html\">Prvn\u00ed t\u0159i dny nemocensk\u00e9 op\u011bt placen\u00e9? Navrhuje to \u010cSSD<\/a><\/span><\/h3>\n<\/li>\n<\/ul>\n<\/li>\n<\/ul>\n<ul>\n<li style=\"list-style-type: none;\">\n<ul>\n<li class=\"menu-item menu-item-type-custom menu-item-object-custom menu-item-405\">22.1.2017 &#8211;<br \/>\n<h3><span style=\"color: #ff0000;\"><a style=\"color: #ff0000;\" href=\"http:\/\/www.zdravotnickydenik.cz\/2018\/01\/snemovna-bude-hlasovat-zruseni-povinnych-elektronickych-receptu\/\">Sn\u011bmovna bude hlasovat o zru\u0161en\u00ed povinn\u00fdch elektronick\u00fdch recept\u016f<\/a><\/span><\/h3>\n<\/li>\n<\/ul>\n<\/li>\n<\/ul>\n<ul>\n<li style=\"list-style-type: none;\">\n<ul>\n<li class=\"menu-item menu-item-type-custom menu-item-object-custom menu-item-405\">22.1.2017 &#8211;<br \/>\n<h3 class=\"entry-title\"><span style=\"color: #0000ff;\"><a style=\"color: #0000ff;\" href=\"http:\/\/www.zdravotnickydenik.cz\/2018\/01\/asociace-nemocnic-platy-bude-chybet-letos-pul-miliardy-korun\/\">Asociace nemocnic: Na platy bude chyb\u011bt letos p\u016fl miliardy korun<\/a><\/span><\/h3>\n<\/li>\n<\/ul>\n<\/li>\n<\/ul>\n<ul>\n<li class=\"menu-item menu-item-type-custom menu-item-object-custom menu-item-405\">13.1.2018 &#8211;<br \/>\n<h3><strong>Do druh\u00e9ho kola voleb prezidenta \u010cR postoupili <span style=\"color: #ff0000;\"><a style=\"color: #ff0000;\" href=\"https:\/\/www.respekt.cz\/politika\/jak-delaji-pratele-milose-zemana-nekampan\">M. Zeman<\/a><\/span> a <span style=\"color: #0000ff;\"><a style=\"color: #0000ff;\" href=\"https:\/\/www.jiridrahos.cz\">Ji\u0159\u00ed Draho\u0161<\/a><\/span> &#8230;<span style=\"color: #008000;\"> v<\/span><\/strong><span style=\"color: #0000ff;\"><strong><span style=\"color: #008000;\">olby budou 26.-27. ledna<\/span>.<\/strong><\/span><\/h3>\n<\/li>\n<\/ul>\n<ul>\n<li class=\"menu-item menu-item-type-custom menu-item-object-custom menu-item-405\">2.1.2018 &#8211;<br \/>\n<h3 id=\"article-news-full-6597048\" class=\"mt--0\"><span style=\"color: #ff0000;\"><strong><a style=\"color: #ff0000;\" href=\"https:\/\/www.irozhlas.cz\/zpravy-domov\/adam-vojtech-ministerstvo-zdravotnictvi-pacient-zdravi-nemoci_1712271139_jgr\">Ministr slibuje v\u00edce pen\u011bz na chronicky nemocn\u00e9 pacienty. Poji\u0161\u0165ovny dostanou p\u0159id\u00e1no od ledna<\/a><\/strong><\/span><\/h3>\n<\/li>\n<\/ul>\n<ul>\n<li class=\"menu-item menu-item-type-custom menu-item-object-custom menu-item-405\">1.1.2018 &#8211;<br \/>\n<h2><strong><span style=\"color: #000000;\">V\u00edt\u00e1me V\u00e1s v nov\u00e9m roce 2018!<\/span><\/strong><\/h2>\n<\/li>\n<\/ul>\n<hr \/>\n<ul>\n<li style=\"list-style-type: none;\">\n<ul>\n<li class=\"menu-item menu-item-type-custom menu-item-object-custom menu-item-405\">\n<h4>8.12.2017 &#8211; <strong><span style=\"color: #0000ff;\"><a style=\"color: #0000ff;\" href=\"https:\/\/www.prozeny.cz\/clanek\/6-zasadnich-duvodu-proc-byste-meli-spat-na-levem-boku-10096\">6 z\u00e1sadn\u00edch d\u016fvod\u016f, pro\u010d byste m\u011bli sp\u00e1t na lev\u00e9m boku<\/a><\/span><\/strong><\/h4>\n<\/li>\n<\/ul>\n<\/li>\n<\/ul>\n<ul>\n<li style=\"list-style-type: none;\">\n<ul>\n<li class=\"menu-item menu-item-type-custom menu-item-object-custom menu-item-405\">\n<h5>15.3.2017 &#8211; <span style=\"color: #ff0000;\"><strong><a style=\"color: #ff0000;\" href=\"http:\/\/www.ceskatelevize.cz\/porady\/1097181328-udalosti\/217411000100315\/video\/530529\">Prevence zubn\u00edch kaz\u016f + plomby<\/a><\/strong><\/span><\/h5>\n<\/li>\n<\/ul>\n<\/li>\n<\/ul>\n<ul>\n<li style=\"list-style-type: none;\">\n<ul>\n<li class=\"menu-item menu-item-type-custom menu-item-object-custom menu-item-405\">\n<h5>6.1.2017 &#8211; <strong><span style=\"color: #ff0000;\"><a style=\"color: #ff0000;\" href=\"http:\/\/www.mzcr.cz\/dokumenty\/ministr-zdravotnictvi-vyhlasuje-vyberove-rizeni-na-vedouci-pracovni-misto-redite_13229_3535_1.html\">V\u00fdb\u011brov\u00e9 \u0159\u00edzen\u00ed na funkci <span style=\"color: #000000;\">\u0159editel\/\u0159editelka<\/span> St\u00e1tn\u00edch l\u00e9\u010debn\u00fdch l\u00e1zn\u00ed Jansk\u00e9 L\u00e1zn\u011b, s.p.<\/a><\/span><\/strong><\/h5>\n<\/li>\n<\/ul>\n<\/li>\n<\/ul>\n<ul>\n<li style=\"list-style-type: none;\">\n<ul>\n<li class=\"menu-item menu-item-type-custom menu-item-object-custom menu-item-405\">\n<h5>29.12.2016 &#8211; <a href=\"https:\/\/www.novinky.cz\/krimi\/424848-matka-po-domacim-porodu-skoncila-v-nemocnici-novorozence-odmitla-vzit-s-sebou.html\">Matka po dom\u00e1c\u00edm porodu skon\u010dila v\u00a0nemocnici, novorozence odm\u00edtla vz\u00edt s\u00a0sebou<\/a><\/h5>\n<\/li>\n<\/ul>\n<\/li>\n<\/ul>\n<ul>\n<li style=\"list-style-type: none;\">\n<ul>\n<li class=\"menu-item menu-item-type-custom menu-item-object-custom menu-item-405\">\n<h5>5.11.2016 &#8211; <span style=\"color: #008000;\"><a style=\"color: #008000;\" href=\"http:\/\/www.janskelazne.com\/kariera\/volna-pracovni-mista\/\"><strong>Voln\u00e9 pracovn\u00ed m\u00edsta v St\u00e1tn\u00edch l\u00e9\u010debn\u00fdch l\u00e1zn\u00edch\u00a0Jansk\u00e9\u00a0L\u00e1zn\u011b<\/strong><\/a><\/span><\/h5>\n<h5>17.9.2016 &#8211; <strong><span style=\"color: #ff0000;\"><a style=\"color: #ff0000;\" href=\"https:\/\/www.novinky.cz\/krimi\/414950-jak-se-mohla-divka-sama-ubodat-a-proc-po-pitve-zmizelo-srdce-matce-chybeji-odpovedi.html\">Jak se mohla d\u00edvka sama ubodat a pro\u010d po pitv\u011b zmizelo srdce?<\/a><\/span><\/strong><\/h5>\n<\/li>\n<\/ul>\n<\/li>\n<\/ul>\n<ul>\n<li style=\"list-style-type: none;\">\n<ul>\n<li class=\"menu-item menu-item-type-custom menu-item-object-custom menu-item-405\">\n<h5>19.8.2016 &#8211; <span style=\"color: #0000ff;\"><a style=\"color: #0000ff;\" href=\"https:\/\/www.novinky.cz\/zena\/zdravi\/411979-proc-bychom-meli-spat-nazi.html\"><strong>Pro\u010d bychom m\u011bli sp\u00e1t naz\u00ed<\/strong><\/a><\/span><\/h5>\n<\/li>\n<\/ul>\n<\/li>\n<\/ul>\n<ul>\n<li style=\"list-style-type: none;\">\n<ul>\n<li class=\"menu-item menu-item-type-custom menu-item-object-custom menu-item-405\">\n<h5>1.8.2016 &#8211;<\/h5>\n<h5><span style=\"color: #000080;\"><strong><a style=\"color: #000080;\" href=\"http:\/\/zdravi.euro.cz\/denni-zpravy\/z-domova\/odbory-jihomoravskych-zachranaru-vyhlasily-stavkovou-pohotovost-482649\">Odbory jihomoravsk\u00fdch z\u00e1chran\u00e1\u0159\u016f vyhl\u00e1sily st\u00e1vkovou pohotovost<\/a><\/strong><\/span><\/h5>\n<ul>\n<li class=\"menu-item menu-item-type-custom menu-item-object-custom menu-item-405\">\n<h5><span style=\"color: #ff6600;\"><strong><a style=\"color: #ff6600;\" href=\"http:\/\/osz.cmkos.cz\/files\/Article\/1218\/TextDocument\/tiskova-zprava-k-vyhlaseni-stavkove-pohotovosti-zzs-jihomoravskeho-kraje---28.-7.-2016.pdf\">Tiskov\u00e1 zpr\u00e1va ZO OSZSP \u010cR ZZS Jihomor. kraje<\/a><\/strong><\/span><\/h5>\n<\/li>\n<\/ul>\n<\/li>\n<li>\n<h5>25.5.2016 &#8211; <span style=\"color: #000080;\"><strong><a style=\"color: #000080;\" href=\"http:\/\/www.psp.cz\/sqw\/hlasy.sqw?g=63520&amp;l=cz\">Babi\u0161ovci podporuj\u00ed kou\u0159en\u00ed v restaurac\u00edch &#8211; tady je hlasov\u00e1n\u00ed o z\u00e1konu. Jejich hlasy zam\u00edtly\u00a0ochranu neku\u0159\u00e1k\u016f&#8230;<\/a><\/strong><\/span><\/h5>\n<\/li>\n<\/ul>\n<\/li>\n<\/ul>\n<ul>\n<li style=\"list-style-type: none;\">\n<ul>\n<li class=\"menu-item menu-item-type-custom menu-item-object-custom menu-item-405\">\n<h5>9.5.2016 &#8211; <span style=\"color: #000080;\"><strong><a style=\"color: #000080;\" href=\"http:\/\/www.ceskatelevize.cz\/ct24\/domaci\/1780676-vsechny-nemocnice-zvednou-platy-penize-musi-dat-vlada\">V\u0161echny nemocnice zvednou platy. Pen\u00edze mus\u00ed d\u00e1t vl\u00e1da<\/a><\/strong><\/span><\/h5>\n<\/li>\n<\/ul>\n<\/li>\n<\/ul>\n<ul>\n<li style=\"list-style-type: none;\">\n<ul>\n<li class=\"menu-item menu-item-type-custom menu-item-object-custom menu-item-405\">\n<h5>22.4.2016 &#8211; <strong><span style=\"color: #000080;\"><a style=\"color: #000080;\" href=\"http:\/\/www.novinky.cz\/zahranicni\/evropa\/401338-stihacka-f-16-zachranila-zivot-umirajicimu-pacientovi.html\">St\u00edha\u010dka F-16 zachr\u00e1nila \u017eivot um\u00edraj\u00edc\u00edmu pacientovi<\/a><\/span><\/strong><\/h5>\n<\/li>\n<\/ul>\n<\/li>\n<\/ul>\n<ul>\n<li style=\"list-style-type: none;\">\n<ul>\n<li class=\"menu-item menu-item-type-custom menu-item-object-custom menu-item-405\">\n<h5>15.4.2016 &#8211; <strong><span style=\"color: #000080;\"><a style=\"color: #000080;\" href=\"http:\/\/relax.lidovky.cz\/libani-posiluje-imunitu-ci-srovnava-cholesterol-f68-\/veda.aspx?c=A160414_095318_ln_veda_ape\">L\u00edb\u00e1n\u00ed posiluje imunitu \u010di srovn\u00e1v\u00e1 cholesterol<\/a><\/span><\/strong><\/h5>\n<\/li>\n<\/ul>\n<\/li>\n<\/ul>\n<ul>\n<li style=\"list-style-type: none;\">\n<ul>\n<li class=\"menu-item menu-item-type-custom menu-item-object-custom menu-item-405\">\n<h5>13.4.2016 &#8211; <span style=\"color: #000080;\"><strong><a style=\"color: #000080;\" href=\"http:\/\/www.novinky.cz\/domaci\/400385-v-lekarnach-neni-framykoin-ci-ophthalmo-septonex-proc.html\">V l\u00e9k\u00e1rn\u00e1ch nen\u00ed framykoin \u010di Ophthalmo Septonex. Pro\u010d?<\/a> <\/strong><\/span><\/h5>\n<\/li>\n<\/ul>\n<\/li>\n<\/ul>\n<ul>\n<li style=\"list-style-type: none;\">\n<ul>\n<li class=\"menu-item menu-item-type-custom menu-item-object-custom menu-item-405\">\n<h5>6.4.2016 &#8211; <span style=\"color: #000080;\"><a style=\"color: #000080;\" href=\"http:\/\/www.novinky.cz\/domaci\/399633-pojistovny-budou-vest-ucty-se-zdravotnim-pojistenim-u-cnb.html\">Poji\u0161\u0165ovny budou v\u00e9st \u00fa\u010dty se zdravotn\u00edm poji\u0161t\u011bn\u00edm u \u010cNB<\/a><\/span><\/h5>\n<\/li>\n<\/ul>\n<\/li>\n<\/ul>\n<ul>\n<li style=\"list-style-type: none;\">\n<ul>\n<li class=\"menu-item menu-item-type-custom menu-item-object-custom menu-item-405\">\n<h5><span style=\"color: #000080;\">30.3.2016 &#8211; <a style=\"color: #000080;\" href=\"http:\/\/www.ceskatelevize.cz\/ivysilani\/1097181328-udalosti\/216411000100330\/obsah\/461841-vysetrovani-umrti-v-cekajici-sanitce\">Vy\u0161et\u0159ov\u00e1n\u00ed \u00famrt\u00ed v \u010dekaj\u00edc\u00ed sanitce<\/a>\u00a0<\/span><\/h5>\n<\/li>\n<\/ul>\n<\/li>\n<\/ul>\n<ul>\n<li style=\"list-style-type: none;\">\n<ul>\n<li class=\"menu-item menu-item-type-custom menu-item-object-custom menu-item-405\">\n<h5><span style=\"color: #000080;\">20.3.2016 &#8211;\u00a0<a style=\"color: #000080;\" href=\"http:\/\/loudwire.com\/opera-singer-acdc-sover-spains-got-talent\/\">\u0160pan\u011blsko hled\u00e1 talent<\/a><\/span><\/h5>\n<\/li>\n<\/ul>\n<\/li>\n<\/ul>\n<ul>\n<li style=\"list-style-type: none;\">\n<ul>\n<li class=\"menu-item menu-item-type-custom menu-item-object-custom menu-item-405\">\n<h5><span style=\"color: #000080;\">2.3.2016 &#8211; <a style=\"color: #000080;\" href=\"http:\/\/www.novinky.cz\/domaci\/396326-dva-salky-kavy-denne-podle-vedcu-zasadne-snizi-riziko-cirhozy.html\">Dva \u0161\u00e1lky k\u00e1vy denn\u011b podle v\u011bdc\u016f z\u00e1sadn\u011b sn\u00ed\u017e\u00ed riziko cirh\u00f3zy<\/a><\/span><\/h5>\n<\/li>\n<\/ul>\n<\/li>\n<\/ul>\n<ul>\n<li style=\"list-style-type: none;\">\n<ul>\n<li class=\"menu-item menu-item-type-custom menu-item-object-custom menu-item-405\">\n<h5><span style=\"color: #000080;\">1.2.2016\u00a0&#8211; <a style=\"color: #000080;\" href=\"http:\/\/www.ceskatelevize.cz\/ct24\/domaci\/1678678-pokud-pacient-veri-ze-lekar-chyboval-neboji-se-s-nemocnici-soudit\">Pokud pacient v\u011b\u0159\u00ed, \u017ee l\u00e9ka\u0159 chyboval, neboj\u00ed se s nemocnic\u00ed soudit<\/a><\/span><\/h5>\n<\/li>\n<\/ul>\n<\/li>\n<\/ul>\n<ul>\n<li style=\"list-style-type: none;\">\n<ul>\n<li class=\"menu-item menu-item-type-custom menu-item-object-custom menu-item-405\">\n<h5><span style=\"color: #000080;\">22.1.2016 \u2013\u00a0<a style=\"color: #000080;\" href=\"https:\/\/www.stream.cz\/adost\/10008820-pastiky#nejnovejsi\">Pa\u0161tiky \u2013 kompletn\u00ed v\u00fdsledky nez\u00e1visl\u00fdch test\u016f<\/a><\/span><\/h5>\n<\/li>\n<\/ul>\n<\/li>\n<\/ul>\n<ul>\n<li style=\"list-style-type: none;\">\n<ul>\n<li id=\"menu-item-405\" class=\"menu-item menu-item-type-custom menu-item-object-custom menu-item-405\">\n<h5><span style=\"color: #000080;\">10.1.2016 \u2013 <a style=\"color: #000080;\" href=\"http:\/\/www.novinky.cz\/domaci\/391399-do-duchodu-by-se-melo-odchazet-maximalne-v-65-letech-navrhli-vlade-experti.html\">Do d\u016fchodu by se m\u011blo odch\u00e1zet maxim\u00e1ln\u011b v 65 letech, navrhli vl\u00e1d\u011b experti<\/a><\/span><\/h5>\n<\/li>\n<\/ul>\n<\/li>\n<\/ul>\n<ul>\n<li style=\"list-style-type: none;\">\n<ul>\n<li id=\"menu-item-399\" class=\"menu-item menu-item-type-custom menu-item-object-custom menu-item-399\">\n<h5><span style=\"color: #000080;\">29.12.2015 \u2013\u00a0<a style=\"color: #000080;\" href=\"http:\/\/www.lidovky.cz\/nizozemsko-zkousi-socialni-experiment-penize-da-pracujicim-i-nezamestnanym-1wj-\/zpravy-svet.aspx?c=A151228_110412_ln_zahranici_ELE\">Nizozemsko zkou\u0161\u00ed soci\u00e1ln\u00ed experiment. Pen\u00edze d\u00e1 pracuj\u00edc\u00edm i nezam\u011bstnan\u00fdm<\/a><\/span><\/h5>\n<\/li>\n<\/ul>\n<\/li>\n<\/ul>\n<ul>\n<li style=\"list-style-type: none;\">\n<ul>\n<li id=\"menu-item-401\" class=\"menu-item menu-item-type-custom menu-item-object-custom menu-item-401\">\n<h5><span style=\"color: #000080;\">16.12.2015 \u2013 <a style=\"color: #000080;\" href=\"http:\/\/www.krestanskevanoce.cz\/?RokNK=2015\">K\u0159es\u0165ansk\u00e9 V\u00e1noce 2015<\/a><\/span><\/h5>\n<\/li>\n<\/ul>\n<\/li>\n<\/ul>\n<ul>\n<li style=\"list-style-type: none;\">\n<ul>\n<li id=\"menu-item-400\" class=\"menu-item menu-item-type-custom menu-item-object-custom menu-item-400\">\n<h5><span style=\"color: #000080;\">16.12.2015 \u2013\u00a0<a style=\"color: #000080;\" href=\"http:\/\/www.novinky.cz\/zena\/zdravi\/388996-piti-citronove-vody-po-ranu-posiluje-imunitu-a-obranyschopnost-tela.html\">Pit\u00ed citr\u00f3nov\u00e9 vody po r\u00e1nu posiluje imunitu a obranyschopnost t\u011bla<\/a><\/span><\/h5>\n<\/li>\n<\/ul>\n<\/li>\n<\/ul>\n<ul>\n<li id=\"menu-item-671\" class=\"menu-item menu-item-type-custom menu-item-object-custom menu-item-671\">\n<h5><span style=\"color: #000080;\">1.12.2015 \u2013\u00a0<\/span><span style=\"color: #0000ff;\"><a style=\"color: #0000ff;\" href=\"http:\/\/www.tribune.cz\/clanek\/37891\"><span style=\"color: #000080;\">Z\u00e1chranka by m\u011bla b\u00fdt<\/span> st\u00e1tn\u00ed. Stejn\u011b jako hasi\u010di a policie<\/a><\/span><\/h5>\n<\/li>\n<\/ul>\n","protected":false},"excerpt":{"rendered":"<p>Aktuality + \u00a0 \u00a0 &nbsp; &nbsp; 13.10.2024 &#8211; Zdravotnictv\u00ed pro 21. stolet\u00ed podle \u0161\u00e9fa VZP 20.1.2024 &#8211;\u00a0N\u00e1por z\u00e1jemc\u016f \u201eshodil\u201c aplikaci eDoklady 1.1.2024 &#8211; Nova pravidla registrace a evidence vozidel &nbsp; 15.11.2023 &#8211; Zdrav\u00ed pro v\u0161echny v\u00a021. stolet\u00ed 21.4.2023 &#8211; Zni\u010dili na\u0161i reformu p\u00e9\u010de o du\u0161evn\u00ed zdrav\u00ed. Proto\u017ee Babi\u0161 22.3.2023 &#8211; 4 tipy, jak oslavit v\u00fdro\u010d\u00ed [&hellip;]<\/p>\n","protected":false},"author":1,"featured_media":195,"comment_status":"closed","ping_status":"open","sticky":true,"template":"","format":"standard","meta":{"footnotes":""},"categories":[12],"tags":[],"_links":{"self":[{"href":"https:\/\/www.pacienti.cz\/index.php?rest_route=\/wp\/v2\/posts\/743"}],"collection":[{"href":"https:\/\/www.pacienti.cz\/index.php?rest_route=\/wp\/v2\/posts"}],"about":[{"href":"https:\/\/www.pacienti.cz\/index.php?rest_route=\/wp\/v2\/types\/post"}],"author":[{"embeddable":true,"href":"https:\/\/www.pacienti.cz\/index.php?rest_route=\/wp\/v2\/users\/1"}],"replies":[{"embeddable":true,"href":"https:\/\/www.pacienti.cz\/index.php?rest_route=%2Fwp%2Fv2%2Fcomments&post=743"}],"version-history":[{"count":150,"href":"https:\/\/www.pacienti.cz\/index.php?rest_route=\/wp\/v2\/posts\/743\/revisions"}],"predecessor-version":[{"id":4580,"href":"https:\/\/www.pacienti.cz\/index.php?rest_route=\/wp\/v2\/posts\/743\/revisions\/4580"}],"wp:featuredmedia":[{"embeddable":true,"href":"https:\/\/www.pacienti.cz\/index.php?rest_route=\/wp\/v2\/media\/195"}],"wp:attachment":[{"href":"https:\/\/www.pacienti.cz\/index.php?rest_route=%2Fwp%2Fv2%2Fmedia&parent=743"}],"wp:term":[{"taxonomy":"category","embeddable":true,"href":"https:\/\/www.pacienti.cz\/index.php?rest_route=%2Fwp%2Fv2%2Fcategories&post=743"},{"taxonomy":"post_tag","embeddable":true,"href":"https:\/\/www.pacienti.cz\/index.php?rest_route=%2Fwp%2Fv2%2Ftags&post=743"}],"curies":[{"name":"wp","href":"https:\/\/api.w.org\/{rel}","templated":true}]}}